{"id":2788,"date":"2016-08-18T07:17:24","date_gmt":"2016-08-18T07:17:24","guid":{"rendered":"http:\/\/www.time-to-run.com\/suomi\/?p=2788"},"modified":"2016-08-18T07:17:24","modified_gmt":"2016-08-18T07:17:24","slug":"seb-tallinn-marathon-syyskuussa","status":"publish","type":"post","link":"https:\/\/www.time-to-run.com\/suomi\/uutiset\/seb-tallinn-marathon-syyskuussa.htm","title":{"rendered":"SEB Tallinn Marathon syyskuussa"},"content":{"rendered":"<p>&nbsp;<\/p>\n<p><a href=\"https:\/\/i0.wp.com\/www.time-to-run.com\/suomi\/wp-content\/uploads\/2016\/08\/01.tallinn.marathon.jpg\" target=\"_blank\"><img data-recalc-dims=\"1\" loading=\"lazy\" decoding=\"async\" class=\"aligncenter wp-image-2791\" title=\"tallinn marathon\" src=\"https:\/\/i0.wp.com\/www.time-to-run.com\/suomi\/wp-content\/uploads\/2016\/08\/01.tallinn.marathon.jpg?resize=580%2C388\" alt=\"tallinn marathon\" width=\"580\" height=\"388\" srcset=\"https:\/\/i0.wp.com\/www.time-to-run.com\/suomi\/wp-content\/uploads\/2016\/08\/01.tallinn.marathon.jpg?w=600&amp;ssl=1 600w, https:\/\/i0.wp.com\/www.time-to-run.com\/suomi\/wp-content\/uploads\/2016\/08\/01.tallinn.marathon.jpg?resize=300%2C201&amp;ssl=1 300w\" sizes=\"(max-width: 580px) 100vw, 580px\" \/><\/a><\/p>\n<h3><strong>SEB Tallinn Marathon on t\u00e4n\u00e4 vuonna kolmip\u00e4iv\u00e4inen\u00a0<\/strong><\/h3>\n<p>SEB Tallinn Marathon juostaan t\u00e4n\u00e4kin vuonna perinteisesti syyskuun toisena viikonloppuna 9.-11.9.2016. SEB Tallinn Marathon on Viron suurin\u00a0urheilutapahtuma, joka on t\u00e4n\u00e4 vuonna kolmip\u00e4iv\u00e4inen. My\u00f6s reitit ovat p\u00e4ivitetty t\u00e4m\u00e4n vuoden tapahtumaan.<\/p>\n<p>Tapahtumaviikonloppu alkaa perjantaina 9. syyskuuta 5 km We Run Tallinn -tapahtumalla, joka on suunnattu nuorille 13-29 -vuotiaille. Vapaudenaukiolta\u00a0(Vabaduse v\u00e4ljak) starttaava ja sinne p\u00e4\u00e4ttyv\u00e4 tapahtuma vie juoksijat Vanhaan kaupungin ymp\u00e4ri vieh\u00e4tt\u00e4vien katujen ja vehreiden puistojen halki. Tapahtumaan odotetaan t\u00e4n\u00e4\u00a0vuonna per\u00e4ti 3 000 osallistujaa.<\/p>\n<p>Lauantaina ohjelmassa on 10 kilometrin tapahtuma, jonne voi osallistua juosten, k\u00e4vellen tai sauvak\u00e4vellen. T\u00e4m\u00e4 on se matka, joka vuosi vuodelta ker\u00e4\u00e4 suurimman osallistujam\u00e4\u00e4r\u00e4n. T\u00e4n\u00e4 vuonna osallistujat p\u00e4\u00e4sev\u00e4t kokonaan uudistetulla reitill\u00e4 ihastelemaan mm. uudelleen henkiin her\u00e4tetty\u00e4 Kalamaja-aluetta. Lauantaina on tarjolla aktiviteetteja ja Mesik\u00e4pp-kilpailu my\u00f6s perheen pienemmille. Heit\u00e4 viihdytt\u00e4\u00e4 paikanp\u00e4\u00e4ll\u00e4 energinen Tibu.<\/p>\n<h3><strong>Maratonreitti uusittu<\/strong><\/h3>\n<p>P\u00e4\u00e4tapahtuma maraton ja puolimaraton juostaan sunnuntaina 11.9. Maraton starttaa aamulla ja puolikkaan juoksijat l\u00e4htev\u00e4t liikkeelle puoliltap\u00e4ivin. Puolimaratonin reitti\u00e4 on my\u00f6s uusittu ja siit\u00e4 on tehty juoksijayst\u00e4v\u00e4llisempi. Reitti juostaan t\u00e4n\u00e4 vuonna vastakkaiseen suuntaan, puolimaratonilla kerran ja maratonilla kaksi kertaa. Viihtyis\u00e4, tasainen reitti kulkee Vanhan kaupungin laitamilla ja tekee lenkin pitkin kaunista rantaa.<\/p>\n<p>Viime vuosien aikana SEB Tallinn Marathonista on kehittynyt Viron suurin urheilutapahtuma ja tunnetuin maraton. Viime vuonna paikalle saapui l\u00e4hes 20 000\u00a0osallistujaa 40:st\u00e4 eri maasta.<\/p>\n<p class=\"entry-title\">Lue viimevuoden tapahtumasta: <a href=\"http:\/\/www.time-to-run.com\/suomi\/tapahtumat\/ulkomaat\/tallinna-maraton-2015-houkutteli-suomalaisia.htm\" target=\"_blank\">Tallinna Maraton 2015 houkutteli suomalaisia<\/a><\/p>\n<p>Ilmoittaudu tapahtumaaan osoitteessa <a href=\"http:\/\/www.jooks.ee\/en\/tallinn-marathon\/\" target=\"_blank\">www.jooks.ee<\/a><\/p>\n<p>Reittikartat l\u00f6ytyv\u00e4t <a href=\"http:\/\/www.jooks.ee\/en\/tallinn-marathon\/course-maps\" target=\"_blank\">t\u00e4\u00e4lt\u00e4<\/a><\/p>\n<p><strong>Lis\u00e4infoa tapahtumasta tarjoaa my\u00f6s:<\/strong><br \/>\nMati Lilliallik<br \/>\n<strong>SEB Tallinn Marathon Chief Organizer<\/strong><br \/>\nmati@jooks.ee<br \/>\n(+372) 521 3331<\/p>\n<div class=\"tiled-gallery type-rectangular tiled-gallery-unresized\" data-original-width=\"1080\" data-carousel-extra='null' itemscope itemtype=\"http:\/\/schema.org\/ImageGallery\" > <div class=\"gallery-row\" style=\"width: 1080px; height: 274px;\" data-original-width=\"1080\" data-original-height=\"274\" > <div class=\"gallery-group images-1\" style=\"width: 411px; height: 274px;\" data-original-width=\"411\" data-original-height=\"274\" > <div class=\"tiled-gallery-item tiled-gallery-item-large\" itemprop=\"associatedMedia\" itemscope itemtype=\"http:\/\/schema.org\/ImageObject\"> <a href=\"https:\/\/i0.wp.com\/www.time-to-run.com\/suomi\/wp-content\/uploads\/2016\/08\/02.tallinn.marathon.jpg?ssl=1\" border=\"0\" itemprop=\"url\"> <meta itemprop=\"width\" content=\"407\"> <meta itemprop=\"height\" content=\"270\"> <img decoding=\"async\" class=\"\" data-attachment-id=\"2792\" data-orig-file=\"https:\/\/www.time-to-run.com\/suomi\/wp-content\/uploads\/2016\/08\/02.tallinn.marathon.jpg\" data-orig-size=\"600,399\" data-comments-opened=\"1\" data-image-meta=\"{&quot;aperture&quot;:&quot;0&quot;,&quot;credit&quot;:&quot;&quot;,&quot;camera&quot;:&quot;&quot;,&quot;caption&quot;:&quot;&quot;,&quot;created_timestamp&quot;:&quot;0&quot;,&quot;copyright&quot;:&quot;&quot;,&quot;focal_length&quot;:&quot;0&quot;,&quot;iso&quot;:&quot;0&quot;,&quot;shutter_speed&quot;:&quot;0&quot;,&quot;title&quot;:&quot;&quot;,&quot;orientation&quot;:&quot;1&quot;}\" data-image-title=\"tallinn marathon\" data-image-description=\"&lt;p&gt;tallinn marathon&lt;\/p&gt; \" data-medium-file=\"https:\/\/i0.wp.com\/www.time-to-run.com\/suomi\/wp-content\/uploads\/2016\/08\/02.tallinn.marathon.jpg?fit=300%2C200&#038;ssl=1\" data-large-file=\"https:\/\/i0.wp.com\/www.time-to-run.com\/suomi\/wp-content\/uploads\/2016\/08\/02.tallinn.marathon.jpg?fit=600%2C399&#038;ssl=1\" src=\"https:\/\/i0.wp.com\/www.time-to-run.com\/suomi\/wp-content\/uploads\/2016\/08\/02.tallinn.marathon.jpg?w=407&#038;h=270&#038;ssl=1\" srcset=\"https:\/\/i0.wp.com\/www.time-to-run.com\/suomi\/wp-content\/uploads\/2016\/08\/02.tallinn.marathon.jpg?w=600&amp;ssl=1 600w, https:\/\/i0.wp.com\/www.time-to-run.com\/suomi\/wp-content\/uploads\/2016\/08\/02.tallinn.marathon.jpg?resize=300%2C200&amp;ssl=1 300w\" width=\"407\" height=\"270\" loading=\"lazy\" data-original-width=\"407\" data-original-height=\"270\" itemprop=\"http:\/\/schema.org\/image\" title=\"tallinn marathon\" alt=\"tallinn marathon\" style=\"width: 407px; height: 270px;\" \/> <\/a> <\/div> <\/div> <!-- close group --> <div class=\"gallery-group images-1\" style=\"width: 485px; height: 274px;\" data-original-width=\"485\" data-original-height=\"274\" > <div class=\"tiled-gallery-item tiled-gallery-item-large\" itemprop=\"associatedMedia\" itemscope itemtype=\"http:\/\/schema.org\/ImageObject\"> <a href=\"https:\/\/i0.wp.com\/www.time-to-run.com\/suomi\/wp-content\/uploads\/2016\/08\/04.tallinn.marathon.jpg?ssl=1\" border=\"0\" itemprop=\"url\"> <meta itemprop=\"width\" content=\"481\"> <meta itemprop=\"height\" content=\"270\"> <img decoding=\"async\" class=\"\" data-attachment-id=\"2790\" data-orig-file=\"https:\/\/www.time-to-run.com\/suomi\/wp-content\/uploads\/2016\/08\/04.tallinn.marathon.jpg\" data-orig-size=\"600,337\" data-comments-opened=\"1\" data-image-meta=\"{&quot;aperture&quot;:&quot;0&quot;,&quot;credit&quot;:&quot;&quot;,&quot;camera&quot;:&quot;&quot;,&quot;caption&quot;:&quot;&quot;,&quot;created_timestamp&quot;:&quot;0&quot;,&quot;copyright&quot;:&quot;&quot;,&quot;focal_length&quot;:&quot;0&quot;,&quot;iso&quot;:&quot;0&quot;,&quot;shutter_speed&quot;:&quot;0&quot;,&quot;title&quot;:&quot;&quot;,&quot;orientation&quot;:&quot;1&quot;}\" data-image-title=\"tallinn marathon\" data-image-description=\"&lt;p&gt;tallinn marathon&lt;\/p&gt; \" data-medium-file=\"https:\/\/i0.wp.com\/www.time-to-run.com\/suomi\/wp-content\/uploads\/2016\/08\/04.tallinn.marathon.jpg?fit=300%2C169&#038;ssl=1\" data-large-file=\"https:\/\/i0.wp.com\/www.time-to-run.com\/suomi\/wp-content\/uploads\/2016\/08\/04.tallinn.marathon.jpg?fit=600%2C337&#038;ssl=1\" src=\"https:\/\/i0.wp.com\/www.time-to-run.com\/suomi\/wp-content\/uploads\/2016\/08\/04.tallinn.marathon.jpg?w=481&#038;h=270&#038;ssl=1\" srcset=\"https:\/\/i0.wp.com\/www.time-to-run.com\/suomi\/wp-content\/uploads\/2016\/08\/04.tallinn.marathon.jpg?w=600&amp;ssl=1 600w, https:\/\/i0.wp.com\/www.time-to-run.com\/suomi\/wp-content\/uploads\/2016\/08\/04.tallinn.marathon.jpg?resize=300%2C169&amp;ssl=1 300w\" width=\"481\" height=\"270\" loading=\"lazy\" data-original-width=\"481\" data-original-height=\"270\" itemprop=\"http:\/\/schema.org\/image\" title=\"tallinn marathon\" alt=\"tallinn marathon\" style=\"width: 481px; height: 270px;\" \/> <\/a> <\/div> <\/div> <!-- close group --> <div class=\"gallery-group images-1\" style=\"width: 184px; height: 274px;\" data-original-width=\"184\" data-original-height=\"274\" > <div class=\"tiled-gallery-item tiled-gallery-item-small\" itemprop=\"associatedMedia\" itemscope itemtype=\"http:\/\/schema.org\/ImageObject\"> <a href=\"https:\/\/i0.wp.com\/www.time-to-run.com\/suomi\/wp-content\/uploads\/2016\/08\/03.tallinn.marathon.jpg?ssl=1\" border=\"0\" itemprop=\"url\"> <meta itemprop=\"width\" content=\"180\"> <meta itemprop=\"height\" content=\"270\"> <img decoding=\"async\" class=\"\" data-attachment-id=\"2789\" data-orig-file=\"https:\/\/www.time-to-run.com\/suomi\/wp-content\/uploads\/2016\/08\/03.tallinn.marathon.jpg\" data-orig-size=\"400,601\" data-comments-opened=\"1\" data-image-meta=\"{&quot;aperture&quot;:&quot;0&quot;,&quot;credit&quot;:&quot;Jarek J\\u00f5epera&quot;,&quot;camera&quot;:&quot;&quot;,&quot;caption&quot;:&quot;&quot;,&quot;created_timestamp&quot;:&quot;0&quot;,&quot;copyright&quot;:&quot;Jarek J\\u00f5epera&quot;,&quot;focal_length&quot;:&quot;0&quot;,&quot;iso&quot;:&quot;0&quot;,&quot;shutter_speed&quot;:&quot;0&quot;,&quot;title&quot;:&quot;&quot;,&quot;orientation&quot;:&quot;1&quot;}\" data-image-title=\"tallinn marathon\" data-image-description=\"&lt;p&gt;tallinn marathon&lt;\/p&gt; \" data-medium-file=\"https:\/\/i0.wp.com\/www.time-to-run.com\/suomi\/wp-content\/uploads\/2016\/08\/03.tallinn.marathon.jpg?fit=200%2C300&#038;ssl=1\" data-large-file=\"https:\/\/i0.wp.com\/www.time-to-run.com\/suomi\/wp-content\/uploads\/2016\/08\/03.tallinn.marathon.jpg?fit=400%2C601&#038;ssl=1\" src=\"https:\/\/i0.wp.com\/www.time-to-run.com\/suomi\/wp-content\/uploads\/2016\/08\/03.tallinn.marathon.jpg?w=180&#038;h=270&#038;ssl=1\" srcset=\"https:\/\/i0.wp.com\/www.time-to-run.com\/suomi\/wp-content\/uploads\/2016\/08\/03.tallinn.marathon.jpg?w=400&amp;ssl=1 400w, https:\/\/i0.wp.com\/www.time-to-run.com\/suomi\/wp-content\/uploads\/2016\/08\/03.tallinn.marathon.jpg?resize=200%2C300&amp;ssl=1 200w\" width=\"180\" height=\"270\" loading=\"lazy\" data-original-width=\"180\" data-original-height=\"270\" itemprop=\"http:\/\/schema.org\/image\" title=\"tallinn marathon\" alt=\"tallinn marathon\" style=\"width: 180px; height: 270px;\" \/> <\/a> <\/div> <\/div> <!-- close group --> <\/div> <!-- close row --> <\/div>\n","protected":false},"excerpt":{"rendered":"<p>&nbsp; SEB Tallinn Marathon on t\u00e4n\u00e4 vuonna kolmip\u00e4iv\u00e4inen\u00a0 SEB Tallinn Marathon juostaan t\u00e4n\u00e4kin vuonna perinteisesti syyskuun toisena viikonloppuna 9.-11.9.2016. SEB Tallinn Marathon on Viron suurin\u00a0urheilutapahtuma, joka on t\u00e4n\u00e4 vuonna kolmip\u00e4iv\u00e4inen. My\u00f6s reitit ovat p\u00e4ivitetty t\u00e4m\u00e4n vuoden tapahtumaan. Tapahtumaviikonloppu alkaa perjantaina 9. syyskuuta 5 km We Run Tallinn -tapahtumalla, joka on suunnattu nuorille 13-29 -vuotiaille. Vapaudenaukiolta\u00a0(Vabaduse [&hellip;]<\/p>\n","protected":false},"author":1,"featured_media":2791,"comment_status":"open","ping_status":"open","sticky":false,"template":"","format":"standard","meta":{"_et_pb_use_builder":"","_et_pb_old_content":"","_et_gb_content_width":"","_jetpack_memberships_contains_paid_content":false,"footnotes":""},"categories":[13,223,456,222,632,489,503,1],"tags":[723,598,828,932,933,804,805],"class_list":["post-2788","post","type-post","status-publish","format-standard","has-post-thumbnail","hentry","category-featured","category-maraton","category-pre-event","category-tapahtumat","category-tulevat-ulkomaat","category-ulkomaat","category-ulkomaat-uutiset","category-uutiset","tag-juoksutapahtuma","tag-marathon","tag-maraton","tag-seb","tag-tallinn","tag-tallinna","tag-viro"],"jetpack_featured_media_url":"https:\/\/i0.wp.com\/www.time-to-run.com\/suomi\/wp-content\/uploads\/2016\/08\/01.tallinn.marathon.jpg?fit=600%2C401&ssl=1","jetpack_sharing_enabled":true,"_links":{"self":[{"href":"https:\/\/www.time-to-run.com\/suomi\/wp-json\/wp\/v2\/posts\/2788","targetHints":{"allow":["GET"]}}],"collection":[{"href":"https:\/\/www.time-to-run.com\/suomi\/wp-json\/wp\/v2\/posts"}],"about":[{"href":"https:\/\/www.time-to-run.com\/suomi\/wp-json\/wp\/v2\/types\/post"}],"author":[{"embeddable":true,"href":"https:\/\/www.time-to-run.com\/suomi\/wp-json\/wp\/v2\/users\/1"}],"replies":[{"embeddable":true,"href":"https:\/\/www.time-to-run.com\/suomi\/wp-json\/wp\/v2\/comments?post=2788"}],"version-history":[{"count":2,"href":"https:\/\/www.time-to-run.com\/suomi\/wp-json\/wp\/v2\/posts\/2788\/revisions"}],"predecessor-version":[{"id":2794,"href":"https:\/\/www.time-to-run.com\/suomi\/wp-json\/wp\/v2\/posts\/2788\/revisions\/2794"}],"wp:featuredmedia":[{"embeddable":true,"href":"https:\/\/www.time-to-run.com\/suomi\/wp-json\/wp\/v2\/media\/2791"}],"wp:attachment":[{"href":"https:\/\/www.time-to-run.com\/suomi\/wp-json\/wp\/v2\/media?parent=2788"}],"wp:term":[{"taxonomy":"category","embeddable":true,"href":"https:\/\/www.time-to-run.com\/suomi\/wp-json\/wp\/v2\/categories?post=2788"},{"taxonomy":"post_tag","embeddable":true,"href":"https:\/\/www.time-to-run.com\/suomi\/wp-json\/wp\/v2\/tags?post=2788"}],"curies":[{"name":"wp","href":"https:\/\/api.w.org\/{rel}","templated":true}]}}